{"id":1345,"date":"2013-04-04T09:30:16","date_gmt":"2013-04-04T07:30:16","guid":{"rendered":"http:\/\/www.gedichtladen.de\/blog\/?p=1345"},"modified":"2023-12-08T23:00:25","modified_gmt":"2023-12-08T21:00:25","slug":"osterspaziergang-nach-johann-wolfgang-von-goethe","status":"publish","type":"post","link":"https:\/\/www.gedichtladen.de\/blog\/archive\/1345","title":{"rendered":"Osterspaziergang nach Johann Wolfgang von Goethe"},"content":{"rendered":"<p>Vom Eise befreit sind nicht mal Bleche<br \/>\nes fehlt des Fr\u00fchlings holder, belebender Blick<br \/>\nja selbst im Tal kein Hoffnungsgl\u00fcck.<br \/>\nDer alte Winter zeigt keine Schw\u00e4che,<br \/>\ner kam aus rauen Bergen zur\u00fcck.<!--more--><br \/>\nVon dorther kommen in einer Tour<br \/>\nm\u00e4chtige Schauer k\u00f6rnigen Eises<br \/>\nin Streifen \u00fcber die wartende Flur.<br \/>\nSelbst die Sonne duldet noch Wei\u00dfes,<br \/>\nnicht die blasseste Farbe zum Leben,<br \/>\nda regt sich weder Bildung noch Streben.<br \/>\nEs fehlt an Blumen in jedem Revier<br \/>\nund auch das Putzen hilft nicht daf\u00fcr.<br \/>\nAus dem hohlen, finsteren Tor<br \/>\ndringt kein buntes Gewimmel hervor.<br \/>\nAch wie sonnte man sich gern<br \/>\nzu feiern die Auferstehung des Herrn.<br \/>\nSie f\u00fchlen sich alle unverstanden:<br \/>\nIn niedrigen H\u00e4usern, dumpfen Gem\u00e4chern,<br \/>\nin Handwerks- und Gewerbebanden,<br \/>\nunterm Druck von Giebeln und D\u00e4chern,<br \/>\nin der Stra\u00dfen quetschender Enge.<br \/>\nSelbst in der Kirchen ehrw\u00fcrd&#8217;ger Nacht<br \/>\nwurde noch kein Licht gemacht.<br \/>\nSieh nur, sieh, wie m\u00fcde die Menge<br \/>\nsich durch die Felder und Wiesen zerschl\u00e4gt,<br \/>\nwie der Fluss in Breit und L\u00e4nge<br \/>\nnicht einen lustigen Nachen bewegt.<br \/>\nNicht einer ist hier \u00fcberladen,<br \/>\nganz leer ist jeder \u00c4ppelkahn,<br \/>\nselbst von des Berges fernen Pfaden<br \/>\ngrinsen uns kahle Felsen an.<br \/>\nIch h\u00f6re schon des Dorfs Get\u00fcmmel,<br \/>\nein Gl\u00fchwein ist des Volkes Himmel.<br \/>\nZufrieden weder Gro\u00df noch Klein,<br \/>\nkein Mensch ist froh und will hier sein.<\/p>\n<p>\n<em>Christina Margret<\/em><\/p>\n","protected":false},"excerpt":{"rendered":"<p>Vom Eise befreit sind nicht mal Bleche es fehlt des Fr\u00fchlings holder, belebender Blick ja selbst im Tal kein Hoffnungsgl\u00fcck. Der alte Winter zeigt keine Schw\u00e4che, er kam aus rauen Bergen zur\u00fcck.<\/p>\n","protected":false},"author":1,"featured_media":0,"comment_status":"open","ping_status":"open","sticky":false,"template":"","format":"standard","meta":{"footnotes":""},"categories":[1,7],"tags":[],"class_list":["post-1345","post","type-post","status-publish","format-standard","hentry","category-allgemein","category-leseproben"],"_links":{"self":[{"href":"https:\/\/www.gedichtladen.de\/blog\/wp-json\/wp\/v2\/posts\/1345","targetHints":{"allow":["GET"]}}],"collection":[{"href":"https:\/\/www.gedichtladen.de\/blog\/wp-json\/wp\/v2\/posts"}],"about":[{"href":"https:\/\/www.gedichtladen.de\/blog\/wp-json\/wp\/v2\/types\/post"}],"author":[{"embeddable":true,"href":"https:\/\/www.gedichtladen.de\/blog\/wp-json\/wp\/v2\/users\/1"}],"replies":[{"embeddable":true,"href":"https:\/\/www.gedichtladen.de\/blog\/wp-json\/wp\/v2\/comments?post=1345"}],"version-history":[{"count":3,"href":"https:\/\/www.gedichtladen.de\/blog\/wp-json\/wp\/v2\/posts\/1345\/revisions"}],"predecessor-version":[{"id":4386,"href":"https:\/\/www.gedichtladen.de\/blog\/wp-json\/wp\/v2\/posts\/1345\/revisions\/4386"}],"wp:attachment":[{"href":"https:\/\/www.gedichtladen.de\/blog\/wp-json\/wp\/v2\/media?parent=1345"}],"wp:term":[{"taxonomy":"category","embeddable":true,"href":"https:\/\/www.gedichtladen.de\/blog\/wp-json\/wp\/v2\/categories?post=1345"},{"taxonomy":"post_tag","embeddable":true,"href":"https:\/\/www.gedichtladen.de\/blog\/wp-json\/wp\/v2\/tags?post=1345"}],"curies":[{"name":"wp","href":"https:\/\/api.w.org\/{rel}","templated":true}]}}