{"id":1343,"date":"2013-04-01T17:03:34","date_gmt":"2013-04-01T15:03:34","guid":{"rendered":"http:\/\/www.gedichtladen.de\/blog\/?p=1343"},"modified":"2023-12-08T23:00:25","modified_gmt":"2023-12-08T21:00:25","slug":"kolumne-kw13-ostern-im-schnee","status":"publish","type":"post","link":"https:\/\/www.gedichtladen.de\/blog\/archive\/1343","title":{"rendered":"Kolumne KW13 &#8222;Ostern im Schnee&#8220;"},"content":{"rendered":"<p><strong>Ostern im Schnee<\/strong><\/p>\n<p>&nbsp;<\/p>\n<p>&#8222;Der alte Winter in seiner Schw\u00e4che<br \/>\nsendet, fliehend nur,<br \/>\nSchauer k\u00f6rnigen Eises zur\u00fcck&#8220;.<br \/>\nSo h\u00e4tte man es gern, aber nachdem der Winter partout nicht weichen wollte, nahm man das erst als \u00c4rgernis und sp\u00e4ter dann einfach hin, denn \u00e4ndern kann man daran nun auch nichts.<\/p>\n<p><!--more--><br \/>\nTrotzdem fanden sich die Gemeinden am Osterfeuer zusammen, das sie wahlweise am Freitag oder Sonnabend entfachten und dessen tieferer Sinn angeblich darin bestehen soll, dass man damit den Winter austreibt.<\/p>\n<p>\nBei uns wurde es schon im Vorfeld hei\u00df, denn einige Anwohner waren mit diesem einmaligen Ereignis, das man vielleicht auch mal ohne Diskussion wegstecken k\u00f6nnte, nicht einverstanden und so wurde es diesmal ein ganz kleines Feuer, eigentlich sogar drei, die den Rahmen einer Privatveranstaltung nicht \u00fcberschritten und sich trotzdem viele wohl daran f\u00fchlten.<\/p>\n<p>\nDas konnte nat\u00fcrlich nicht ausreichen, damit den Winter zu vertreiben und so werden wir wohl noch mindestens eine Woche mit ihm leben m\u00fcssen. Ein Scherzkeks hat schon bemerkt, dass er seine Ostereier diesjahr nicht f\u00e4rbt, weil sich die wei\u00dfen Eier ideal verstecken lie\u00dfen.<\/p>\n<p>\nTrotzdem waren unsere Osterfeuer ein sch\u00f6ner Erfolg, denn man trifft hier am Ort sonst kaum jemanden, wenn er nicht gerade Hundebesitzer ist und der Liebling ihn periodisch veranlasst, das Haus zu verlassen. Da man sonst heutzutage zu allen Veranstaltungen mit dem Auto muss, gibt es entsprechend selten nur noch die Gelegenheit, auch mal einen zu schnasseln. Ist man aber zu Fu\u00df, wie das im eigenen Ort ja m\u00f6glich ist, kann man sich am Bier und Gl\u00fchwein g\u00fctlich tun.<\/p>\n<p>\nEs wird dann auch viel geschwatzt und man verga\u00df nicht, mir auch ein paar Ratschl\u00e4ge zu geben, wie man das Fest, f\u00fcr das ich verantwortlich zeichne, das Fest der Stille, auch wirtschaftlich gestalten k\u00f6nnte.<\/p>\n<p>\nAllerdings war ich ein bisschen abgelenkt, Sie lasen, die Obsessionen! Jetzt hatte Henry, einer der Jugendfeuerwehr, der im letzten Jahr den Akkuschrauber gewonnen hat, die Idee, zum Kindertag eine Spritzenzielvor\u00adrichtung zu bauen. Was sich ganz simpel anh\u00f6rte und er mit Engagement vortrug, stellt sich mal wieder als &#8222;wissenschaftliches&#8220; Problem heraus, bei dem es einiges zu rechnen gibt, wenn man es ganz genau nimmt.<\/p>\n<p>\nNoch am gleichen Abend war eine Excelroutine geschrieben, aber dann stellte sich heraus, dass man die Aufgabe auch analytisch l\u00f6sen kann, was aber einigerma\u00dfen kompliziert ist. Nachdem ich sechs Seiten voller Integrale hatte, hatte ich schon den einfachen Gedanken, der mich zu der Excelroutine bewog, vergessen. Die L\u00f6sungen sind Bandw\u00fcrmer, die nicht mal mehr auf eine A4 Seite im Querformat gehen und man wei\u00df nie, ob man nicht doch einen Fehler gemacht hat.<\/p>\n<p>\nDazu kommt noch, dass es ja so genau nicht drauf ankommt und nach zwei Tagen intensivsten Rechnens lege ich nun die Sache wieder beiseite, um mich wieder ganz auf das Warten auf den Fr\u00fchling zu konzentrie\u00adren. Wirklich lohnende Probleme, die man auch wirklich ausrechnen kann, sind ja einigerma\u00dfen rar, und so werde ich dieses f\u00fcr eine kommende, vielleicht nicht nur Computerspielende und Ostereiervertilgende Generation aufsparen.<\/p>\n<p>\nDie vom alten Eisen, die ich gestern traf, sind weniger erpicht darauf, das n\u00e4chstbeste Problem zu l\u00f6sen und zu ihnen geh\u00f6re ich ja.<\/p>\n<p>\n<em>Christian Rempel,<br \/>\nIm Waltersdorfe 31.3.2013<br \/>\n<\/em><\/p>\n","protected":false},"excerpt":{"rendered":"<p>Ostern im Schnee &nbsp; &#8222;Der alte Winter in seiner Schw\u00e4che sendet, fliehend nur, Schauer k\u00f6rnigen Eises zur\u00fcck&#8220;. So h\u00e4tte man es gern, aber nachdem der Winter partout nicht weichen wollte, nahm man das erst als \u00c4rgernis und sp\u00e4ter dann einfach&#8230;<br \/><a class=\"read-more-button\" href=\"https:\/\/www.gedichtladen.de\/blog\/archive\/1343\">Mehr Lesen<\/a><\/p>\n","protected":false},"author":1,"featured_media":0,"comment_status":"open","ping_status":"open","sticky":false,"template":"","format":"standard","meta":{"footnotes":""},"categories":[12],"tags":[],"class_list":["post-1343","post","type-post","status-publish","format-standard","hentry","category-kolumne"],"_links":{"self":[{"href":"https:\/\/www.gedichtladen.de\/blog\/wp-json\/wp\/v2\/posts\/1343","targetHints":{"allow":["GET"]}}],"collection":[{"href":"https:\/\/www.gedichtladen.de\/blog\/wp-json\/wp\/v2\/posts"}],"about":[{"href":"https:\/\/www.gedichtladen.de\/blog\/wp-json\/wp\/v2\/types\/post"}],"author":[{"embeddable":true,"href":"https:\/\/www.gedichtladen.de\/blog\/wp-json\/wp\/v2\/users\/1"}],"replies":[{"embeddable":true,"href":"https:\/\/www.gedichtladen.de\/blog\/wp-json\/wp\/v2\/comments?post=1343"}],"version-history":[{"count":2,"href":"https:\/\/www.gedichtladen.de\/blog\/wp-json\/wp\/v2\/posts\/1343\/revisions"}],"predecessor-version":[{"id":4387,"href":"https:\/\/www.gedichtladen.de\/blog\/wp-json\/wp\/v2\/posts\/1343\/revisions\/4387"}],"wp:attachment":[{"href":"https:\/\/www.gedichtladen.de\/blog\/wp-json\/wp\/v2\/media?parent=1343"}],"wp:term":[{"taxonomy":"category","embeddable":true,"href":"https:\/\/www.gedichtladen.de\/blog\/wp-json\/wp\/v2\/categories?post=1343"},{"taxonomy":"post_tag","embeddable":true,"href":"https:\/\/www.gedichtladen.de\/blog\/wp-json\/wp\/v2\/tags?post=1343"}],"curies":[{"name":"wp","href":"https:\/\/api.w.org\/{rel}","templated":true}]}}