{"id":1333,"date":"2013-03-17T12:45:13","date_gmt":"2013-03-17T10:45:13","guid":{"rendered":"http:\/\/www.gedichtladen.de\/blog\/?p=1333"},"modified":"2023-12-08T23:00:25","modified_gmt":"2023-12-08T21:00:25","slug":"kolumne-kw10-kw11-obsessionen","status":"publish","type":"post","link":"https:\/\/www.gedichtladen.de\/blog\/archive\/1333","title":{"rendered":"Kolumne KW10 \/ KW11 &#8222;Obsessionen&#8220;"},"content":{"rendered":"<p><strong>Obsessionen<\/strong><\/p>\n<p>&nbsp;<\/p>\n<p>Als ich meinem Freund Rudi heute erkl\u00e4rte, ich h\u00e4tte eine Obsession, da wusste er mit dem Begriff gar nichts anzufangen. Ich selbst h\u00e4tte es bis vor kurzem noch mit z geschrieben, aber da ich nicht selten von Obsessionen, also einer gewissen Besessen\u00adheit, heimgesucht werde, lohnte es sich dann doch mal nachzuschlagen.<\/p>\n<p><!--more--><br \/>\nDas ist nun weniger ein Krankheitsbild als dass es fast eigentlich ein Wunschtraum ist. So zeigte vorige Woche das Plakat von Jugend forscht einen Jugendlichen, der hinterr\u00fccks von einer Art Michelinm\u00e4nnchen umarmt wird und drunter steht: &#8222;Meine Idee l\u00e4sst mich nicht los.&#8220;<\/p>\n<p>\nDas d\u00fcrfte ebenso ein Wunschtraum sein wie das Obsessionen haben noch nicht zur psychischen St\u00f6rung gerechnet wird. Wenn man bei Jugend forscht den Aufwand, den Jugendlichen eine Idee nahe zu bringen und sie davon abzuhalten, nur ihren Computer\u00adspielinteressen nachzugehen, vergleicht, ist der Aufwand mit den Spielkonsolen zu konkurrieren weitaus h\u00f6her.<\/p>\n<p>\nMir geht es jedenfalls wirklich so, dass mich Ideen tage- und monatelang nicht loslassen und meinem Freund Rudi geht es nicht anders. Als ich ihm mein Faservibrometer erkl\u00e4rte, vereinfachte er den Aufbau mit ein paar Bleistiftstrichen und res\u00fcmierte: &#8222;Alles, was wir brauchen, d\u00fcrfte ich da haben.&#8220;<\/p>\n<p>\nFlugs war auch eine Schaltung entworfen und dass es nicht zu Verwechslungen bei den buntgestreiften Widerst\u00e4nden kommt, wurden sie einfach in die Skizze hineinge\u00adsteckt. Mit einem Sack voller Bauelemente r\u00fcckte ich nach zwei Stunden wieder ab und nun liegt der Ball wieder bei mir und ich kann sehen, was die Idee wert ist, die mich gerade nicht loslassen wollte, aber zu einem Sack Arbeit mutierte.<\/p>\n<p>\nWie kann aus einem, der noch vor drei Wochen Strumpfhosenfetischist war, so schnell ein Elektroniker werden? Immer wenn ich \u00fcber theoretische Zusammenh\u00e4nge nachdenke, fallen mir gleich kleine Ger\u00e4te ein, die man daraus bauen k\u00f6nnte, und gleich als mir klar wurde, dass ein Merino viel feinere Haare hat als wir Menschen, lief mir ein Vibrationsverfahren \u00fcber den Weg, das man zur genauen Durchmesserbestimmung angeblich verwenden kann.<\/p>\n<p>\nZwar sind Fasern, und gerade Naturfasern ganz r\u00e4udige physikalische Objekte, aber das Prinzip kann man vielleicht an Lichleitfasern, die ja in der Regel nicht viel dicker sind als Haare, aber wesentlich freundlichere Mate\u00adrial\u00adeigenschaften haben und zudem noch Licht leiten, das Prinzip erst mal erproben.<\/p>\n<p>\nDa man auf das Internet angewiesen ist, ist es trotzdem immer recht schwierig an den Gral der Wissenschaft heranzugelangen, denn dieser wird in kostenpflichtigen online Fachzeit\u00adschrif\u00adten und teuren Fachb\u00fcchern geh\u00fctet, die man nicht einsehen kann. Dass es noch Fans unter den Jugendlichen gibt, merkt man an den Foren, wo viele Probleme mit den d\u00fcrftigen Mitteln der ASCI Darstellung diskutiert werden. Trotzdem bekommt man ein Bild davon, welche Aufgaben der Jugend vorgesetzt werden und wie sie mit vereinten Kr\u00e4ften versuchen, diese zu l\u00f6sen.<\/p>\n<p>\nEs mag verbl\u00fcffen, wenn man, um das Problem eines schwingenden Lichtleitkabels zu l\u00f6sen, die Statik bem\u00fchen muss, die normalerweise auskragende Bauteile in der Architektur behandelt. Da wimmelt es dann nur so von Differenzialgleichungen vierter Ordnung und man sieht kein Land mehr, wenn man schnell mal was wissen will. Was aber auch alles schon der Bernoulli, noch weit vor dem Ferseh- und Computerzeitalter herausgefunden hat, macht einen staunen.<\/p>\n<p>\nWenn man das nutzt und in wenigen Stunden im Computer simuliert, m\u00f6chten einem schier die Augen \u00fcbergehen, wenn man dann sieht: So schwingt die Faser also!<\/p>\n<p>\n<em>Christian Rempel,<br \/>\nIm Waltersdorfe 12.3.2013<\/em><\/p>\n","protected":false},"excerpt":{"rendered":"<p>Obsessionen &nbsp; Als ich meinem Freund Rudi heute erkl\u00e4rte, ich h\u00e4tte eine Obsession, da wusste er mit dem Begriff gar nichts anzufangen. Ich selbst h\u00e4tte es bis vor kurzem noch mit z geschrieben, aber da ich nicht selten von Obsessionen,&#8230;<br \/><a class=\"read-more-button\" href=\"https:\/\/www.gedichtladen.de\/blog\/archive\/1333\">Mehr Lesen<\/a><\/p>\n","protected":false},"author":1,"featured_media":0,"comment_status":"open","ping_status":"open","sticky":false,"template":"","format":"standard","meta":{"footnotes":""},"categories":[12],"tags":[],"class_list":["post-1333","post","type-post","status-publish","format-standard","hentry","category-kolumne"],"_links":{"self":[{"href":"https:\/\/www.gedichtladen.de\/blog\/wp-json\/wp\/v2\/posts\/1333","targetHints":{"allow":["GET"]}}],"collection":[{"href":"https:\/\/www.gedichtladen.de\/blog\/wp-json\/wp\/v2\/posts"}],"about":[{"href":"https:\/\/www.gedichtladen.de\/blog\/wp-json\/wp\/v2\/types\/post"}],"author":[{"embeddable":true,"href":"https:\/\/www.gedichtladen.de\/blog\/wp-json\/wp\/v2\/users\/1"}],"replies":[{"embeddable":true,"href":"https:\/\/www.gedichtladen.de\/blog\/wp-json\/wp\/v2\/comments?post=1333"}],"version-history":[{"count":4,"href":"https:\/\/www.gedichtladen.de\/blog\/wp-json\/wp\/v2\/posts\/1333\/revisions"}],"predecessor-version":[{"id":4389,"href":"https:\/\/www.gedichtladen.de\/blog\/wp-json\/wp\/v2\/posts\/1333\/revisions\/4389"}],"wp:attachment":[{"href":"https:\/\/www.gedichtladen.de\/blog\/wp-json\/wp\/v2\/media?parent=1333"}],"wp:term":[{"taxonomy":"category","embeddable":true,"href":"https:\/\/www.gedichtladen.de\/blog\/wp-json\/wp\/v2\/categories?post=1333"},{"taxonomy":"post_tag","embeddable":true,"href":"https:\/\/www.gedichtladen.de\/blog\/wp-json\/wp\/v2\/tags?post=1333"}],"curies":[{"name":"wp","href":"https:\/\/api.w.org\/{rel}","templated":true}]}}