{"id":1328,"date":"2013-03-05T11:40:13","date_gmt":"2013-03-05T09:40:13","guid":{"rendered":"http:\/\/www.gedichtladen.de\/blog\/?p=1328"},"modified":"2023-12-08T23:00:25","modified_gmt":"2023-12-08T21:00:25","slug":"kolumne-kw9-jugend-forscht-wieder","status":"publish","type":"post","link":"https:\/\/www.gedichtladen.de\/blog\/archive\/1328","title":{"rendered":"Kolumne KW9 &#8222;Jugend forscht wieder&#8220;"},"content":{"rendered":"<p><strong>Jugend forscht wieder<\/strong><\/p>\n<p>&nbsp;<\/p>\n<p>Der Regionalwettbewerb von Jugend forscht findet am Donnerstag in Brandenburg statt. Da muss nat\u00fcrlich schnell noch ein bisschen geforscht werden.<\/p>\n<p>\nEiner der beiden Jugendforscher begab sich bei sonnigem, aber frischem Wetter an einen beliebten Ort bei Selchow, wie man an herumliegenden Pappbechern und Kippen ablesen kann. Es ist dies der Ort am Zaun des BBI, der die verl\u00e4ngerte Startbahn darstellt.<\/p>\n<p><!--more--><br \/>\nEs dauerte eine ganze Zeit, bis mal ein Flugzeug kam und in einer ganzen Stunde starteten gerade mal drei, so dass man nicht gerade von regem Flugverkehr sprechen kann, aber beim dritten gelang es uns ein Video aufzunehmen und den Schallpegel zu messen.<\/p>\n<p>\nWir haben das Handy ja geeicht und als mein Sohn wenig sp\u00e4ter herausgefunden hatte, um welchen Flugzeugtyp es sich beim Flug nach Mallorca gehandelt hat, konnten wir auch leicht die reale L\u00e4nge des Vehikels feststellen und hatten mit unserem Handy die Flugh\u00f6he von immerhin schon 350 m heraus.<\/p>\n<p>\nWelchen L\u00e4rmpegel der A319 verursacht hat, konnten wir zu 80,9 dB bestimmen. Das ist nicht so sonderlich laut und die Flugh\u00f6he macht in zweifacher Hinsicht etwas aus. Erstens verteilt sich der Schall auf eine gr\u00f6\u00dfere Fl\u00e4che und zweitens kommt noch die D\u00e4mpfung hinzu, die bis zu 2 dB pro hundert Meter betragen kann.<\/p>\n<p>\nDas Ziel des Projektes ist nun, die Schallleistung zu bestimmen. Von dem Flugzeug geht zwar etwa ein kW aus, aber unten haben wir offenbar nur noch 100 \u00b5W pro Quadratmeter. Nicht gerade eine attraktive Energiequelle.<\/p>\n<p>\nAls ich mal bei dem selben Sohn, als er noch gar nicht geboren war, gegen einen hochaufl\u00f6senden Ultraschall einschritt, hat mir der Arzt gesagt, dass dort nur 20 mW pro Quadratzentimeter appliziert w\u00fcrden und das doch sehr wenig sei. Doch immerhin sind das doch zwei Millionen Mal so viel. So unterschiedlich sind also die Ma\u00dfst\u00e4be.<\/p>\n<p>\nDen Jugendforschern gelingt es bei ziemlichem L\u00e4rm von 120 dB eine winzige Diode zum Leuchten zu bringen und sie nutzen dabei immerhin 7% der gesamten Schallenergie aus.<\/p>\n<p>\nNat\u00fcrlich hat die Aufgabe auch viel mit Computern zu tun und da sind die jungen Leute ja firm. Die Arbeit muss geschrieben werden, es m\u00fcssen Bilder und Schemata erstellt werden. Es m\u00fcssen gleichzeitig Videos abgespielt werden und der PC Oszillograph bet\u00e4tigt werden.<\/p>\n<p>\nDa sieht man dann, dass der A319 ein hohes e von sich gibt, w\u00e4hrend die Boing 747 (die wir noch nicht in Sch\u00f6nefeld haben) das hohe h bevorzugt. Ansonsten haben alle D\u00fcsenflugzeuge um die 3 kHz einen ziemlich breiten Ger\u00e4uschpegel. Das findet man heraus, wenn man sich das Frequenz\u00adspektrum auf einem Oszillographen ansieht, den man sich heute f\u00fcr 10 Euro auf jeden PC holen kann. Man k\u00f6nnte sicher sogar auf diese Weise feststellen, um welchen Vogel es sich gerade handelt.<\/p>\n<p>\nJetzt w\u00e4re es nat\u00fcrlich spannend, wenn man mal n\u00e4her an so ein Triebwerk herank\u00e4me. Das hatte Rolls Royce zwar mal zugesagt in der guten Laune, die auf der ILA 2012 herrschte, aber draus geworden ist noch nichts. Seltsamerweise wussten sie gar nichts von der abgestrahlten Schallleistung, die sich doch letztendlich in einem handfesten Zahlenwert ausdr\u00fccken sollte.<\/p>\n<p>\nVielleicht ist diese Arbeit der Jugendlichen sogar f\u00fcr sie noch eine Fundgrube.<\/p>\n<p><em><br \/>\nChristian Rempel,<br \/>\nIm Waltersdorfe 3.3.2013<\/em><\/p>\n","protected":false},"excerpt":{"rendered":"<p>Jugend forscht wieder &nbsp; Der Regionalwettbewerb von Jugend forscht findet am Donnerstag in Brandenburg statt. Da muss nat\u00fcrlich schnell noch ein bisschen geforscht werden. Einer der beiden Jugendforscher begab sich bei sonnigem, aber frischem Wetter an einen beliebten Ort bei&#8230;<br \/><a class=\"read-more-button\" href=\"https:\/\/www.gedichtladen.de\/blog\/archive\/1328\">Mehr Lesen<\/a><\/p>\n","protected":false},"author":1,"featured_media":0,"comment_status":"open","ping_status":"open","sticky":false,"template":"","format":"standard","meta":{"footnotes":""},"categories":[12],"tags":[],"class_list":["post-1328","post","type-post","status-publish","format-standard","hentry","category-kolumne"],"_links":{"self":[{"href":"https:\/\/www.gedichtladen.de\/blog\/wp-json\/wp\/v2\/posts\/1328","targetHints":{"allow":["GET"]}}],"collection":[{"href":"https:\/\/www.gedichtladen.de\/blog\/wp-json\/wp\/v2\/posts"}],"about":[{"href":"https:\/\/www.gedichtladen.de\/blog\/wp-json\/wp\/v2\/types\/post"}],"author":[{"embeddable":true,"href":"https:\/\/www.gedichtladen.de\/blog\/wp-json\/wp\/v2\/users\/1"}],"replies":[{"embeddable":true,"href":"https:\/\/www.gedichtladen.de\/blog\/wp-json\/wp\/v2\/comments?post=1328"}],"version-history":[{"count":5,"href":"https:\/\/www.gedichtladen.de\/blog\/wp-json\/wp\/v2\/posts\/1328\/revisions"}],"predecessor-version":[{"id":4390,"href":"https:\/\/www.gedichtladen.de\/blog\/wp-json\/wp\/v2\/posts\/1328\/revisions\/4390"}],"wp:attachment":[{"href":"https:\/\/www.gedichtladen.de\/blog\/wp-json\/wp\/v2\/media?parent=1328"}],"wp:term":[{"taxonomy":"category","embeddable":true,"href":"https:\/\/www.gedichtladen.de\/blog\/wp-json\/wp\/v2\/categories?post=1328"},{"taxonomy":"post_tag","embeddable":true,"href":"https:\/\/www.gedichtladen.de\/blog\/wp-json\/wp\/v2\/tags?post=1328"}],"curies":[{"name":"wp","href":"https:\/\/api.w.org\/{rel}","templated":true}]}}