{"id":1321,"date":"2013-02-17T20:32:15","date_gmt":"2013-02-17T18:32:15","guid":{"rendered":"http:\/\/www.gedichtladen.de\/blog\/?p=1321"},"modified":"2023-12-08T23:00:25","modified_gmt":"2023-12-08T21:00:25","slug":"kolumne-kw07-60-000-homere","status":"publish","type":"post","link":"https:\/\/www.gedichtladen.de\/blog\/archive\/1321","title":{"rendered":"Kolumne KW07 &#8222;60 000 Homere&#8220;"},"content":{"rendered":"<p><strong>60 000 Homere<\/strong><\/p>\n<p>&nbsp;<\/p>\n<p>&#8222;Die Nudistinnen sind die t\u00f6richsten der Frauen&#8220; res\u00fcmierte der inzwischen 90j\u00e4hrige Ernst Nolte nach einem Besuch des \u00f6stlichen Ostseestrands. Trotzdem ist er noch nicht zum absoluten Kulturpessimisten geworden.<!--more--> Man bezeichnet den Verlassenen als gewesenen Historiker und eigentlich ist er auch eher ein Philosoph, denn er hat eine starke Neigung zum Spekulieren.<\/p>\n<p>\nSein Buch &#8222;Sp\u00e4te Reflexionen&#8220; ist wohl die Summe seiner Ansichten, die im Kern recht lobenswert sind, denn als Professor f\u00fcr j\u00fcngere Geschichte hat er sich die Aufgabe gestellt, dem Faschismus in Deutschland auf wissenschaftlichem Wege nicht nur das B\u00f6se abzugewinnen, sondern die Vorg\u00e4nge im dritten Reich, wenn nicht verst\u00e4ndlich, doch wenigstens verstehbar zu machen.<\/p>\n<p>\nSo war Hitler, der nach Meinung der meisten Europ\u00e4er immer noch besser gewesen sein soll als Kommunismus, ein K\u00e4mpfer gegen die &#8222;Transzendenz&#8220;. Transzendenz ist etwas \u00dcbersinnliches, aber auch ein \u00dcbersichhi\u00adnaus\u00adwachsen, etwas Ausgreifendes \u2013 auf jeden Fall ein g\u00e4ngiger philosophischer Begriff, weniger ein historischer. Man k\u00f6nnte nun meinen, dass der Nationalsozialismus selbst einiges Ausgreifendes hatte, aber \u00fcber den &#8222;kausalen Nexus&#8220;, also einen urs\u00e4ch\u00adlichen Zusammenhang gelangen wir zum Kommunismus, auf den der National\u00adsozialismus lediglich eine Antwort gewesen sein soll.<\/p>\n<p>\nEinem d\u00fcrren Faden folgend konstatiert er, dass am Nazi-Slogan &#8222;j\u00fcdischer Bolsche\u00adwis\u00admus&#8220; etwas dran war, denn tats\u00e4chlich waren viele der Oktoberrevolution\u00e4re ihrer Abstam\u00admung nach j\u00fcdisch. Sie waren es aber nicht mehr, als Marx vom Blute her Jude war, und ihm h\u00e4lt Nolte ja immerhin zugute, dass er den Judenhass in Kapitalistenhass gewen\u00addet habe.<\/p>\n<p>\nDa haben wir also die Erschie\u00dfung von Kulaken unter Lenin, den Gulag und schon wird klar, dass es nur eine verstehbare Verirrung war, die Juden gleich mit Stumpf und Stiel ausrotten zu wollen und wir das uns\u00e4gliche Auschwitz hatten, wo man als Historiker noch sinnen darf, ob dort vier oder nur anderthalb Millionen vergast wurden. Handelte es sich also wirklich nur um ein &#8222;\u00dcberschie\u00dfen&#8220;?<\/p>\n<p>\nF\u00fcr einen Philosophen zu simpel, f\u00fcr einen Historiker zu gewagt. So k\u00f6nnte man die Tragik von Nolte umrei\u00dfen, der trotz eines gewissen Sympathiepotenzials nach dem Historikerstreit in die Isolation geriet.<\/p>\n<p>\nH\u00e4tten wir jetzt Kommunismus oder wenigstens Sozialismus, w\u00fcrde es vielleicht die von Charles Fourier vorhergesehenen 60\u00a0000 Homers geben, aber haben wir nicht. Auch Nolte ist kein Homer, denn er erz\u00e4hlt keinen Mythos, theoretisiert viel mehr und es bedarf schon des Angedenkens an einen guten Freund, die vielen Seiten des Kreise\u00adziehens um immer wieder die gleichen Begriffe zu ertragen, das einem die gewagte Konstruktion nicht wahrscheinlicher erschei\u00adnen l\u00e4sst, aber einen immerhin in dem Gef\u00fchl zur\u00fcckl\u00e4sst, dass man selbst, wenn auch vom Blute Deutscher, wie manche Kommunisten vom Blute Juden waren, vielleicht doch kein Erbe des absolut &#8222;B\u00f6sen&#8220; sein muss.<\/p>\n<p>\nSelbst Hitler wollte es den Kommunisten in der Attit\u00fcde nachtun und ein &#8222;Antibol\u00adschewist von bolschewistischer Tatkraft und Entschlossenheit&#8220; sein. Tatkraft und Entschlo\u00adssenheit, die also damals schon legend\u00e4r waren, sind irgendwie verlorenge\u00adgangen, wohl auf beiden Seiten. Noltes &#8222;letztes Wort&#8220;, f\u00fcr das er die sp\u00e4ten Reflexionen h\u00e4lt ist schon durchtr\u00e4nkt von der Hoffnung auf eine Anerkennung in der Nachwelt, wenn denn sein Kulturoptimismus zutrifft.<\/p>\n<p>\n<em>Christian Rempel,<br \/>\nIm Waltersdorfe 17.2.2013<br \/>\n<\/em><\/p>\n","protected":false},"excerpt":{"rendered":"<p>60 000 Homere &nbsp; &#8222;Die Nudistinnen sind die t\u00f6richsten der Frauen&#8220; res\u00fcmierte der inzwischen 90j\u00e4hrige Ernst Nolte nach einem Besuch des \u00f6stlichen Ostseestrands. Trotzdem ist er noch nicht zum absoluten Kulturpessimisten geworden.<\/p>\n","protected":false},"author":1,"featured_media":0,"comment_status":"open","ping_status":"open","sticky":false,"template":"","format":"standard","meta":{"footnotes":""},"categories":[12],"tags":[],"class_list":["post-1321","post","type-post","status-publish","format-standard","hentry","category-kolumne"],"_links":{"self":[{"href":"https:\/\/www.gedichtladen.de\/blog\/wp-json\/wp\/v2\/posts\/1321","targetHints":{"allow":["GET"]}}],"collection":[{"href":"https:\/\/www.gedichtladen.de\/blog\/wp-json\/wp\/v2\/posts"}],"about":[{"href":"https:\/\/www.gedichtladen.de\/blog\/wp-json\/wp\/v2\/types\/post"}],"author":[{"embeddable":true,"href":"https:\/\/www.gedichtladen.de\/blog\/wp-json\/wp\/v2\/users\/1"}],"replies":[{"embeddable":true,"href":"https:\/\/www.gedichtladen.de\/blog\/wp-json\/wp\/v2\/comments?post=1321"}],"version-history":[{"count":2,"href":"https:\/\/www.gedichtladen.de\/blog\/wp-json\/wp\/v2\/posts\/1321\/revisions"}],"predecessor-version":[{"id":4392,"href":"https:\/\/www.gedichtladen.de\/blog\/wp-json\/wp\/v2\/posts\/1321\/revisions\/4392"}],"wp:attachment":[{"href":"https:\/\/www.gedichtladen.de\/blog\/wp-json\/wp\/v2\/media?parent=1321"}],"wp:term":[{"taxonomy":"category","embeddable":true,"href":"https:\/\/www.gedichtladen.de\/blog\/wp-json\/wp\/v2\/categories?post=1321"},{"taxonomy":"post_tag","embeddable":true,"href":"https:\/\/www.gedichtladen.de\/blog\/wp-json\/wp\/v2\/tags?post=1321"}],"curies":[{"name":"wp","href":"https:\/\/api.w.org\/{rel}","templated":true}]}}