{"id":1318,"date":"2013-02-10T18:23:52","date_gmt":"2013-02-10T16:23:52","guid":{"rendered":"http:\/\/www.gedichtladen.de\/blog\/?p=1318"},"modified":"2023-12-08T23:00:25","modified_gmt":"2023-12-08T21:00:25","slug":"kolumne-kw06-in-eigener-sache","status":"publish","type":"post","link":"https:\/\/www.gedichtladen.de\/blog\/archive\/1318","title":{"rendered":"Kolumne KW06 &#8222;In eigener Sache&#8220;"},"content":{"rendered":"<p><strong>In eigener Sache<\/strong><\/p>\n<p>&nbsp;<\/p>\n<p>Nun ist es also so weit gekommen, dass der Inhaber dieser Seite sechzig geworden ist. Die Erfahrung, die man dabei unbedingt mitteilen muss, ist die, dass man trotzdem innerlich unbedarft, man k\u00f6nnte sagen jugendlich bleibt, auch wenn die k\u00f6rperliche H\u00fclle die Anzeichen des Alters nicht mehr verleugnen l\u00e4sst.<\/p>\n<p><!--more--><br \/>\nSo ein Ereignis muss nat\u00fcrlich auch gefeiert sein und es war nur m\u00f6glich, weil bei der Nachfeier dann die zu diesem Zeitpunkt richtigen Geburtstagskinder, n\u00e4mlich meine Nichte Nele und die S\u00e4ngerin Angela Marten, nichts dagegen hatten, an der Feier teilzunehmen.<\/p>\n<p>\nEs war keine reine Familienfeier, und die Rempelei und die Familie meiner Frau sind ja schon einigerma\u00dfen gro\u00df. Es sollten auch Freunde und die Singegruppe an der Feier teilnehmen sowie die UnDichter, zu denen ich engeren Kontakt habe. Vielleicht war es etwas schmerzlich, da eine Trennlinie durch die eigene Familie zu legen, indem die Kinder und Kindeskinder meiner Geschwister nicht auch noch mit hinzukommen konnten.<\/p>\n<p>\nDen Auftakt bildete eine kleine Wanderung auf dem Fontaneweg, von dem wir nat\u00fcrlich nur ein kleines St\u00fcck absolvierten, n\u00e4mlich das von Teupitz bis hin zur Mittelm\u00fchle. Das war immer eine Zitterpartie, wie wohl das Wetter werden w\u00fcrde, aber wir hatten dann eine schneebezuckerte Landschaft und bei leichtem Frost war es sehr angenehm zu gehen.<\/p>\n<p>\nBei Martina und Gerhard wurde dann Zwischenstation gemacht. Es gab ein Becherchen Gl\u00fchwein und die Rast war so ausgedehnt, dass wir die 3,9 km wirklich in ganzen zwei Stunden zur\u00fcckgelegt haben, wir also mithin ein Schneckentempo von 2 km\/h zu verzeichnen hatten. Als wir an der Mittelm\u00fchle ankamen, verk\u00fcndete eine Sire\u00adne, dass es genau die Mittagsstunde war. Diesen Ort hatten wir ausgesucht, als wir bei meinem Klinikaufenthalt im Vorjahr mal dort essen waren und es uns sehr gut geschmeckt hatte. Es wurde dann auch f\u00fcr die sechzig G\u00e4ste rasch aufgetischt und alles war sehr liebevoll arrangiert.<\/p>\n<p>\nDen Auftakt des Kulturprogramms bildete dann eine Rede von meiner Frau Andrea \u00fcber ihre sieben Lieben. Viel sp\u00e4ter h\u00e4tte ich nicht kommen d\u00fcrfen, sonst h\u00e4tte ich bei der magischen Zahl als Mann und Geliebter kein Unterkommen mehr gehabt.<\/p>\n<p>\nEin kleines Dichterwerk hatte ich auch aufzuweisen. Das war meine &#8222;Rede&#8220;, die nun freilich v\u00f6llig ohne die \u00fcblichen Floskeln auskommen musste, denn es gibt ja immer mehr Dinge, die sich bei derartigen Feiern schon von selber verstehen und dann doch vielleicht mehr langweilen w\u00fcrden, und schlie\u00dflich war man ja auch nicht zu einer Redeveranstaltung gekommen.<\/p>\n<p>\nDer Vortrag der Singegruppe, der meine Frau und ich angeh\u00f6ren, hat dann auch viel Freude verbreitet, auch wenn es mit den Eins\u00e4tzen nicht immer geklappt hat.<\/p>\n<p>\nDen kulturellen H\u00f6hepunkt bildete dann der Vortrag der S\u00e4ngerin Angela Marten, deren Bekanntschaft ich Rositha aus Teupitz zu verdanken habe. Ich h\u00e4tte mir allerdings mehr konzentrierte Aufmerksamkeit ge\u00adw\u00fcnscht, die ihr Auftritt wohl verdient hatte.<\/p>\n<p>\nAls gute Idee erwiesen sich auch die kleinen Boxen, die wir angefertigt hatten, um die Festgesellschaft miteinander bekannt zu machen. F\u00fcr fast jedes Paar und jede Einzelperson fand sich darin ein kleines K\u00e4rtchen, so dass man sich orientieren konnte.<\/p>\n<p>\nDer gr\u00f6\u00dfte Dank geht an meine Frau, die unerm\u00fcdlich alle Vorbereitungen ausgef\u00fchrt hat und auch noch die Durchf\u00fchrung in ihren H\u00e4nden hatte. Danke an alle, die dabei waren und die vielen lieben Geschenke.<\/p>\n<p>\n<em>Christian Rempel,<br \/>\nIm Waltersdorfe 10.2.2013<\/em><\/p>\n","protected":false},"excerpt":{"rendered":"<p>In eigener Sache &nbsp; Nun ist es also so weit gekommen, dass der Inhaber dieser Seite sechzig geworden ist. Die Erfahrung, die man dabei unbedingt mitteilen muss, ist die, dass man trotzdem innerlich unbedarft, man k\u00f6nnte sagen jugendlich bleibt, auch&#8230;<br \/><a class=\"read-more-button\" href=\"https:\/\/www.gedichtladen.de\/blog\/archive\/1318\">Mehr Lesen<\/a><\/p>\n","protected":false},"author":1,"featured_media":0,"comment_status":"open","ping_status":"open","sticky":false,"template":"","format":"standard","meta":{"footnotes":""},"categories":[12],"tags":[],"class_list":["post-1318","post","type-post","status-publish","format-standard","hentry","category-kolumne"],"_links":{"self":[{"href":"https:\/\/www.gedichtladen.de\/blog\/wp-json\/wp\/v2\/posts\/1318","targetHints":{"allow":["GET"]}}],"collection":[{"href":"https:\/\/www.gedichtladen.de\/blog\/wp-json\/wp\/v2\/posts"}],"about":[{"href":"https:\/\/www.gedichtladen.de\/blog\/wp-json\/wp\/v2\/types\/post"}],"author":[{"embeddable":true,"href":"https:\/\/www.gedichtladen.de\/blog\/wp-json\/wp\/v2\/users\/1"}],"replies":[{"embeddable":true,"href":"https:\/\/www.gedichtladen.de\/blog\/wp-json\/wp\/v2\/comments?post=1318"}],"version-history":[{"count":3,"href":"https:\/\/www.gedichtladen.de\/blog\/wp-json\/wp\/v2\/posts\/1318\/revisions"}],"predecessor-version":[{"id":4393,"href":"https:\/\/www.gedichtladen.de\/blog\/wp-json\/wp\/v2\/posts\/1318\/revisions\/4393"}],"wp:attachment":[{"href":"https:\/\/www.gedichtladen.de\/blog\/wp-json\/wp\/v2\/media?parent=1318"}],"wp:term":[{"taxonomy":"category","embeddable":true,"href":"https:\/\/www.gedichtladen.de\/blog\/wp-json\/wp\/v2\/categories?post=1318"},{"taxonomy":"post_tag","embeddable":true,"href":"https:\/\/www.gedichtladen.de\/blog\/wp-json\/wp\/v2\/tags?post=1318"}],"curies":[{"name":"wp","href":"https:\/\/api.w.org\/{rel}","templated":true}]}}