{"id":1314,"date":"2013-02-02T21:34:09","date_gmt":"2013-02-02T19:34:09","guid":{"rendered":"http:\/\/www.gedichtladen.de\/blog\/?p=1314"},"modified":"2023-12-08T23:00:25","modified_gmt":"2023-12-08T21:00:25","slug":"kolumne-kw05-sankt-florian-gestorben","status":"publish","type":"post","link":"https:\/\/www.gedichtladen.de\/blog\/archive\/1314","title":{"rendered":"Kolumne KW05 &#8222;Sankt Florian gestorben?&#8220;"},"content":{"rendered":"<p><strong>Sankt Florian gestorben?<\/strong><\/p>\n<p>&nbsp;<\/p>\n<p>Am vierten Mai j\u00e4hrt schon zum 1709. Mal der Todestag von Sankt Florian, dem Schutzpatron der Feuerwehr. 2013 soll er zum zweiten Mal sterben.<\/p>\n<p><!--more--><br \/>\nWir hatten in der <a href=\"http:\/\/www.gedichtladen.de\/blog\/kolumne-kw45-2\/\" title=\"Kolumne KW45\" target=\"_blank\" rel=\"noopener\">Kolumne 45<\/a> des vorigen Jahres \u00fcber den heiligen Florian geschrieben, der ja ein r\u00f6mischer Beamter war, der wegen seiner christlichen Gesinnung verbannt worden war, aber als er h\u00f6rte, dass es seinen Kameraden an den Kragen gehen sollte, zur\u00fcckkehrte und mit ihnen in den Tod ging.<\/p>\n<p>\nSolche Geschichten werden heute zum Gl\u00fcck nicht mehr geschrieben, aber es ist auch kein M\u00fctterchen mehr, das sich des Leichnams erbarmen k\u00f6nnte und ihn auf einem Ochsenkarren zur letzten Ruhe geleiten.<\/p>\n<p>\nSeine Skulptur, die sich gew\u00f6hnlich im Schulungsraum der Feuerwehr aufh\u00e4lt, hat eine H\u00f6he von fast 1,20 m und einen Durchmesser von fast 600 mm. Er wird jetzt immer von einer Ecke in die andere ger\u00e4umt, damit er nicht zu Schaden kommt. Wollte man ihm Ruhe g\u00f6nnen und ihn wie geplant an der Fassade der Feuerwehr anbringen, so w\u00fcrde das Piacrylrohr alleine schon 700 Euro kosten. Dass er dann auch regensicher steht, obwohl das Wasser ja sein Metier ist, und beleuchtet werden kann, m\u00fcsste man noch weitere 1500 Euro investieren.<\/p>\n<p>\nDas ist bei der heutigen F\u00f6rdersituation, wo der Flughafen gerade Absagen en gros verschickt und sich nicht mehr in der Lage sieht, das Umland wie bisher zu f\u00f6rdern, eine Menge Holz. Zus\u00e4tzlich werden Bedenken laut, dass dieses kleine Kunstwerk dann Ziel von Vandalen werden w\u00fcrde, die es doch schon einmal in der Geschichte den R\u00f6mern gezeigt haben.<\/p>\n<p>\nAndererseits, welche Gemeinde kann schon sagen, dass ihre Feuerwache ein Kunstwerk ziert? In Polen, wo in der Partnergemeinde Racula schon seit Jahren ein Florian in Glas h\u00e4ngt, scheint es jedenfalls zu funktionieren. Das Geld k\u00f6nnte man auf anderem Wege beschaffen, wenn der Feuerwehrf\u00f6rderverein sich dazu nicht mehr in der Lage sieht. Wenn sich zum Beispiel wie beim Fest der Stille B\u00fcrger selbst engagieren und ein paar Zehner locker machen, w\u00fcrde man vielleicht auch des Vandalismus eher Herr, als wenn sich ein anonymes Unterfangen den B\u00fcrgern als fremd darstellt.<\/p>\n<p>\nF\u00fcr diese anonymen Seltsamkeiten gibt es positive wie auch befremdliche Beispiele. So fiel im Dezember 2012 die zwar baum\u00adschnitt\u00adm\u00e4\u00dfig verhunzte, aber gesunde Dorfeiche ohne einen Kommentar der Kettens\u00e4ge zum Opfer. Man konnte am Stumpf noch kurze Zeit die mindestens 147 Jahresringe z\u00e4hlen und es gibt die Legende, dass selbst schon der Soldatenk\u00f6nig an der Eiche immer mal innegehalten hatte, um sie zu bewundern. Olaf Damm erinnert sich, dass sein Ur-Urgro\u00dfvater sie einst gepflanzt haben soll. Auch wenn pl\u00f6tzlich die Papierk\u00f6rbe an den beiden Bushaltestellen in der Schulzendorfer Stra\u00dfe angebracht sind, wei\u00df man nicht, ob das auf die B\u00fcrgerinitiative im vorigen Jahr zur\u00fcckzu\u00adf\u00fchren ist oder ob gerade mal zwei Papier\u00adk\u00f6rbe \u00fcbrig waren.<\/p>\n<p>\nDie Gemeinde l\u00e4sst sich da den Sinn f\u00fcr B\u00fcrgern\u00e4he vollkommen entgehen, aber sollte das die Feuerwehr und ihr F\u00f6rderverein auch so halten? Ich habe das Angebot gemacht, dass ich auch gern zu den F\u00f6rderern geh\u00f6ren w\u00fcrde, wenn man dem Sankt Florian seinen ihm geb\u00fchrenden Platz einr\u00e4umt. Wie gern w\u00fcrde ich auf dem Wege zum Friedhof dort ein kleines Kunstwerk bewundern, aber danach geht es wahr\u00adschein\u00adlich nicht.<\/p>\n<p>\n<em>Christian Rempel,<br \/>\nIm Waltersdorfe 2.2.2013<\/em><\/p>\n","protected":false},"excerpt":{"rendered":"<p>Sankt Florian gestorben? &nbsp; Am vierten Mai j\u00e4hrt schon zum 1709. Mal der Todestag von Sankt Florian, dem Schutzpatron der Feuerwehr. 2013 soll er zum zweiten Mal sterben.<\/p>\n","protected":false},"author":1,"featured_media":0,"comment_status":"open","ping_status":"open","sticky":false,"template":"","format":"standard","meta":{"footnotes":""},"categories":[12],"tags":[],"class_list":["post-1314","post","type-post","status-publish","format-standard","hentry","category-kolumne"],"_links":{"self":[{"href":"https:\/\/www.gedichtladen.de\/blog\/wp-json\/wp\/v2\/posts\/1314","targetHints":{"allow":["GET"]}}],"collection":[{"href":"https:\/\/www.gedichtladen.de\/blog\/wp-json\/wp\/v2\/posts"}],"about":[{"href":"https:\/\/www.gedichtladen.de\/blog\/wp-json\/wp\/v2\/types\/post"}],"author":[{"embeddable":true,"href":"https:\/\/www.gedichtladen.de\/blog\/wp-json\/wp\/v2\/users\/1"}],"replies":[{"embeddable":true,"href":"https:\/\/www.gedichtladen.de\/blog\/wp-json\/wp\/v2\/comments?post=1314"}],"version-history":[{"count":3,"href":"https:\/\/www.gedichtladen.de\/blog\/wp-json\/wp\/v2\/posts\/1314\/revisions"}],"predecessor-version":[{"id":4394,"href":"https:\/\/www.gedichtladen.de\/blog\/wp-json\/wp\/v2\/posts\/1314\/revisions\/4394"}],"wp:attachment":[{"href":"https:\/\/www.gedichtladen.de\/blog\/wp-json\/wp\/v2\/media?parent=1314"}],"wp:term":[{"taxonomy":"category","embeddable":true,"href":"https:\/\/www.gedichtladen.de\/blog\/wp-json\/wp\/v2\/categories?post=1314"},{"taxonomy":"post_tag","embeddable":true,"href":"https:\/\/www.gedichtladen.de\/blog\/wp-json\/wp\/v2\/tags?post=1314"}],"curies":[{"name":"wp","href":"https:\/\/api.w.org\/{rel}","templated":true}]}}