{"id":1307,"date":"2013-01-26T21:04:06","date_gmt":"2013-01-26T19:04:06","guid":{"rendered":"http:\/\/www.gedichtladen.de\/blog\/?p=1307"},"modified":"2023-12-08T23:00:25","modified_gmt":"2023-12-08T21:00:25","slug":"kolumne-kw04-ruckkehr-zu-kepler","status":"publish","type":"post","link":"https:\/\/www.gedichtladen.de\/blog\/archive\/1307","title":{"rendered":"Kolumne KW04 &#8222;R\u00fcckkehr zu Kepler?&#8220;"},"content":{"rendered":"<p><strong>R\u00fcckkehr zu Kepler?<\/strong><\/p>\n<p>&nbsp;<\/p>\n<p>Wer aufmerksam unserer Internetseite folgt, dem wird nicht entgangen sein, dass wir einige Tage vom Netz waren. Das war nicht unser Verschulden oder des Providers, sondern Folge eines Hackerangriffs. Sollten wir schon so wichtig geworden sein, dass sich solche Aktivit\u00e4ten verlohnen?<\/p>\n<p><!--more--><br \/>\nGelten vielleicht sogar die Goetheworte?:<\/p>\n<p>\nMit fremden Menschen nimmt man sich zusammen<br \/>\nda merkt man auf, da sucht man seinen Zweck<br \/>\nin ihrer Gunst, damit sie nutzen sollen;<br \/>\nallein bei Freunden l\u00e4sst man frei sich gehen,<br \/>\nman ruht in ihrer Liebe, man erlaubt<br \/>\nsich eine Laune, ungez\u00e4hmter wirkt<br \/>\ndie Leidenschaft, und so verletzen wir<br \/>\nam ersten die, die wir am z\u00e4rtsten lieben<\/p>\n<p>\nEs wird uns doch nicht einer z\u00e4rtstens lieben?<\/p>\n<p>\nSollten wir also das Leben hassen, in W\u00fcsten fliehn, weil \u2026<\/p>\n<p>\nMindestens sollten wir uns wohl vierhundert Jahre zur\u00fcckbegeben in die Welt der Giganten, auf deren Schultern Newton stand. Da waren Galilei, Descartes und Kepler, von denen uns der Dritte am n\u00e4chsten ist, zumal er auch ein Deutscher und eine der r\u00e4tsel\u00adhaftesten Gestalten in der Geschichte der Naturwissenschaften ist.<\/p>\n<p>\nWird es uns verstattet sein, den 1571 in Weil der Stadt geborenen Astronomen in seinem Tun zu begleiten? Der Sohn war eines Soldaten und einer der Hexerei angeklagten Mutter, der kurzsichtig, neurotisch und hypochondrisch war. Der mit seinem Mysterium Cosmographicum so daneben lag, dass er trotz der Schw\u00e4rmerei f\u00fcr das Walten Gottes selbst nicht ganz daran glauben konnte, dass die Planetenbahnen gerade den f\u00fcnf platonischen K\u00f6rpern einbeschrieben sind bzw. deren \u00e4u\u00dferste Radien umfassen.<br \/>\nSein Schicksal war auf das Engste mit einem anderen Astronomen verbunden, n\u00e4mlich mit Tycho Brahe, der zu seiner Zeit die genauesten Daten der Planetenpositionen ermittelt hatte. Kurz vor Tychos Tod trat Kepler in dessen Dienste und wurde beauftragt, den &#8222;Marskrieg&#8220; zu f\u00fchren, den Kepler als Blitzkrieg in einer Woche zu f\u00fchren gedachte, der ihn aber dann f\u00fcnf Jahre Lebenszeit kostete.<\/p>\n<p>\nNach vielen erfolglosen Versuchen, die Marsbewegungen zu beschreiben, wobei er zun\u00e4chst bei den Kreisen blieb, die man als das H\u00f6chste der Sch\u00f6pfung ansah, musste er doch zu Ellipsen greifen, die ja ein Kegelschnitt sind.<\/p>\n<p>\nEin Kegel entsteht, wenn man einen Kreis mit einer Geraden verheiratet, die seine Man\u00adtellinie bildet, und die Gerade wird ja als etwas Profanes angesehen. Wie aber, wenn sich Gott mit seinen g\u00f6ttlichen Kreisen, um das Universum zu schaffen, mit dem Profanen verschwistern musste, n\u00e4mlich mit dem Materiellen. Es handelt sich bei den Planetenbahnen auch nur um geringe Abweichungen von einem idealen Kreis, auch wenn es bei Kometen zum Beispiel dennoch extrem langgestreckte Ellipsen geben kann.<\/p>\n<p>\nWie aber, wenn auch die Magier, die von der r\u00f6misch-katholischen Kirche noch nachhalti\u00adger bek\u00e4mpft wurden als die Naturwissen\u00adschaftler, auch recht hatten. Wenn also, wie Giordano Bruno meinte, die Sterne riesenhafte Tiere sind, wenn unsere Erde Leben h\u00e4tte, wenn alles bis ins Kleinste beseelt w\u00e4re?<\/p>\n<p>\nManch einer, der sich auch heute getrost mit seinen Zimmerpflanzen unterh\u00e4lt, neigt trotzdem nicht zu so wahnwitzigen Hypothesen, zumal sie in unserem heutigen technikbestimmten Leben keinerlei Bedeutung mehr haben, aber vielleicht hatte ja selbst der gottesf\u00fcrchtige Kepler einen Schuss Hexenblut m\u00fctterlicherseits.<\/p>\n<p>\nWir tun gut daran, uns weder vor Wahnwitz noch vor diesen Blutstropfen noch zu f\u00fcrchten. Und wen sollten wir befragen? Einzig die Kunst kann hier Aufschluss geben.<\/p>\n<p>\n<em>Christian Rempel,<br \/>\nIm Waltersdorfe 26.1.2013<\/em><\/p>\n","protected":false},"excerpt":{"rendered":"<p>R\u00fcckkehr zu Kepler? &nbsp; Wer aufmerksam unserer Internetseite folgt, dem wird nicht entgangen sein, dass wir einige Tage vom Netz waren. Das war nicht unser Verschulden oder des Providers, sondern Folge eines Hackerangriffs. Sollten wir schon so wichtig geworden sein,&#8230;<br \/><a class=\"read-more-button\" href=\"https:\/\/www.gedichtladen.de\/blog\/archive\/1307\">Mehr Lesen<\/a><\/p>\n","protected":false},"author":1,"featured_media":0,"comment_status":"open","ping_status":"open","sticky":false,"template":"","format":"standard","meta":{"footnotes":""},"categories":[12],"tags":[],"class_list":["post-1307","post","type-post","status-publish","format-standard","hentry","category-kolumne"],"_links":{"self":[{"href":"https:\/\/www.gedichtladen.de\/blog\/wp-json\/wp\/v2\/posts\/1307","targetHints":{"allow":["GET"]}}],"collection":[{"href":"https:\/\/www.gedichtladen.de\/blog\/wp-json\/wp\/v2\/posts"}],"about":[{"href":"https:\/\/www.gedichtladen.de\/blog\/wp-json\/wp\/v2\/types\/post"}],"author":[{"embeddable":true,"href":"https:\/\/www.gedichtladen.de\/blog\/wp-json\/wp\/v2\/users\/1"}],"replies":[{"embeddable":true,"href":"https:\/\/www.gedichtladen.de\/blog\/wp-json\/wp\/v2\/comments?post=1307"}],"version-history":[{"count":3,"href":"https:\/\/www.gedichtladen.de\/blog\/wp-json\/wp\/v2\/posts\/1307\/revisions"}],"predecessor-version":[{"id":4396,"href":"https:\/\/www.gedichtladen.de\/blog\/wp-json\/wp\/v2\/posts\/1307\/revisions\/4396"}],"wp:attachment":[{"href":"https:\/\/www.gedichtladen.de\/blog\/wp-json\/wp\/v2\/media?parent=1307"}],"wp:term":[{"taxonomy":"category","embeddable":true,"href":"https:\/\/www.gedichtladen.de\/blog\/wp-json\/wp\/v2\/categories?post=1307"},{"taxonomy":"post_tag","embeddable":true,"href":"https:\/\/www.gedichtladen.de\/blog\/wp-json\/wp\/v2\/tags?post=1307"}],"curies":[{"name":"wp","href":"https:\/\/api.w.org\/{rel}","templated":true}]}}