{"id":1299,"date":"2013-01-20T14:46:46","date_gmt":"2013-01-20T12:46:46","guid":{"rendered":"http:\/\/www.gedichtladen.de\/blog\/?p=1299"},"modified":"2023-12-08T23:00:25","modified_gmt":"2023-12-08T21:00:25","slug":"kolumne-kw03-schwarze-null-beim-fest-der-stille","status":"publish","type":"post","link":"https:\/\/www.gedichtladen.de\/blog\/archive\/1299","title":{"rendered":"Kolumne KW03 &#8222;Schwarze Null beim Fest der Stille&#8220;"},"content":{"rendered":"<p><strong>Schwarze Null beim Fest der Stille<\/strong><\/p>\n<p>&nbsp;<\/p>\n<p>Ausgaben von  4309 Euro stehen einem Ergebnis von 4311 Euro gegen\u00fcber. So die Feststellung des Festkomitees am 16. Januar auf der Sitzung zur Auswertung des Festes der Stille 2012. Die Rechnungspr\u00fcfung hatte Wolfgang G\u00fcttler vorgenommen und alle Belege gepr\u00fcft.<\/p>\n<p><!--more--><br \/>\nOhne die vielen Sponsoren w\u00e4re das nicht m\u00f6glich gewesen, deshalb an dieser Stelle nochmals Dank f\u00fcr die Sponsorfreudigkeit nicht nur von Firmen und L\u00e4den, sondern auch von privaten Personen, die zu sch\u00e4tzen wissen, dass etwas f\u00fcr das Gemeindeleben getan wird.<\/p>\n<p>\nAber auch die vielen Helfer haben zu dem gro\u00dfen Erfolg beigetragen. Dazu geh\u00f6rt nat\u00fcrlich an erster Stelle das Festkomitee selbst, daher war es auch erst mal notwendig die vielen bruchst\u00fcckhaften Eindr\u00fccke, die jeder dieser Helfer nur hatte, weil alle so besch\u00e4ftigt waren, zusammen\u00adzutragen und sich ein Bild zu verschaffen.<\/p>\n<p>\nDer dritte Dank geht an die Waltersdorfer, die mit einem Kuchen zum Gelingen des Caffees beigetragen haben und die Gewerbetreibenden, die einen Stand betreut haben, obwohl doch das Fest nicht unbedingt umsatzstark ist, trotz der ca. 500 Besucher.<\/p>\n<p>\nWir hatten auch noch nicht ein Photo, die gingen erst ein, nachdem wir noch einmal darum gebeten haben von Siegfried Peter und Luisa B\u00e4r. Dank auch daf\u00fcr. Man kann jetzt eine Diashow bewundern, aber leider fehlen uns immer noch Bilder von wichtigen Punkten der Veranstaltung wie dem Spiel der Waltersdorfer Kinder in der Kirche und dem Marionettentheater. Wer also noch Bilder hat, diese bitte auf CD oder Memorystick im Gedichtladen abgeben.<\/p>\n<p>\nAls gro\u00dfer Erfolg wurde die Tombola gewertet. An der Bude war st\u00e4ndig eine Schlange von Leuten, die selbst ihr Gl\u00fcck am Gl\u00fccksrad erproben wollten. Die Ziehung der Hauptpreise, die f\u00fcr 18 Uhr angesetzt war, hielt das Publikum in freudiger Erwartung auf dem Platz vor dem Rathaus und f\u00fcr uns war erfreulich, dass am n\u00e4chsten Tag nicht ein Los in der Gegend herumlag. Einen so wertvollen Preis, wie einen Marken-Akkuschrauber, hatte nat\u00fcrlich keiner erwartet, man denkt eher, dass ein Gedichtladen geistige Kost anbietet, aber dort waren ja bereits einige handfeste Dinge entstanden, wie das Gl\u00fccksrad und die Girlandenmaschine, mit der in wenigen Stunden 200 m Tannengirlande f\u00fcr das Fest hergestellt worden waren.<\/p>\n<p>\nDas Kindercaffee, das mit drei Erwachsenen und vier Kindern besetzt war, war auch wieder ein gro\u00dfer Erfolg. Die Kinder waren mit Feuereifer bei der Sache, wenn sie nat\u00fcrlich auch noch nicht so viel ausrichten konnten. Ich bin sehr froh, dass die Kinder auch beim n\u00e4chsten Mal nicht ausgeblendet werden sollen, auch wenn ihre &#8222;Hilfe&#8220; den Erwachsenen mehr M\u00fche macht, als dass es etwas einbringt. Wir werden einfach versuchen, dass sie in den Sto\u00dfzeiten vielleicht noch einen erwachsenen Helfer mehr haben.<\/p>\n<p>\nDas Spiel der Kinder hat nicht ganz so perfekt geklappt, wie bei manchen Proben schon, aber f\u00fcr viele war es \u00fcberhaupt der erste &#8222;Auftritt&#8220; und da ist es manchmal schwierig, die W\u00fcrde des Gotteshauses zu wahren und dort nicht \u00fcber Geb\u00fchr herumzutoben. Dann str\u00f6mten erst mal alle heraus und es war schwer, das Publikum f\u00fcrs Marionettentheater wieder zusammenzukrie\u00adgen. Da m\u00fcssen wir uns auch noch etwas einfallen lassen.<\/p>\n<p>\nBei den Bastelst\u00e4nden waren die Gipsfiguren der Renner und Birgit Sauerwald konnte sich des Andrangs manchmal gar nicht erwehren.<\/p>\n<p>\nDas Res\u00fcmee der meisten Waltersdorfer war, dass das zweite Fest noch toller war als das erste und das war es doch, was wir erreichen wollten, dass wir uns immer wieder \u00fcbertreffen, wenn&#8217;s auch schwer ist.<\/p>\n<p>\nSehen Sie sich die <a href=\"http:\/\/www.gedichtladen.de\/blog\/bilder\/\" title=\"Diashow Fest der Stille 2012\">Diashow Fest der Stille 2012<\/a> an!<\/p>\n<p>\n<em>Christian Rempel,<br \/>\nIm Waltersdorfe 18.1.2013<\/em><\/p>\n","protected":false},"excerpt":{"rendered":"<p>Schwarze Null beim Fest der Stille &nbsp; Ausgaben von 4309 Euro stehen einem Ergebnis von 4311 Euro gegen\u00fcber. So die Feststellung des Festkomitees am 16. Januar auf der Sitzung zur Auswertung des Festes der Stille 2012. Die Rechnungspr\u00fcfung hatte Wolfgang&#8230;<br \/><a class=\"read-more-button\" href=\"https:\/\/www.gedichtladen.de\/blog\/archive\/1299\">Mehr Lesen<\/a><\/p>\n","protected":false},"author":1,"featured_media":0,"comment_status":"open","ping_status":"open","sticky":false,"template":"","format":"standard","meta":{"footnotes":""},"categories":[12],"tags":[],"class_list":["post-1299","post","type-post","status-publish","format-standard","hentry","category-kolumne"],"_links":{"self":[{"href":"https:\/\/www.gedichtladen.de\/blog\/wp-json\/wp\/v2\/posts\/1299","targetHints":{"allow":["GET"]}}],"collection":[{"href":"https:\/\/www.gedichtladen.de\/blog\/wp-json\/wp\/v2\/posts"}],"about":[{"href":"https:\/\/www.gedichtladen.de\/blog\/wp-json\/wp\/v2\/types\/post"}],"author":[{"embeddable":true,"href":"https:\/\/www.gedichtladen.de\/blog\/wp-json\/wp\/v2\/users\/1"}],"replies":[{"embeddable":true,"href":"https:\/\/www.gedichtladen.de\/blog\/wp-json\/wp\/v2\/comments?post=1299"}],"version-history":[{"count":4,"href":"https:\/\/www.gedichtladen.de\/blog\/wp-json\/wp\/v2\/posts\/1299\/revisions"}],"predecessor-version":[{"id":1306,"href":"https:\/\/www.gedichtladen.de\/blog\/wp-json\/wp\/v2\/posts\/1299\/revisions\/1306"}],"wp:attachment":[{"href":"https:\/\/www.gedichtladen.de\/blog\/wp-json\/wp\/v2\/media?parent=1299"}],"wp:term":[{"taxonomy":"category","embeddable":true,"href":"https:\/\/www.gedichtladen.de\/blog\/wp-json\/wp\/v2\/categories?post=1299"},{"taxonomy":"post_tag","embeddable":true,"href":"https:\/\/www.gedichtladen.de\/blog\/wp-json\/wp\/v2\/tags?post=1299"}],"curies":[{"name":"wp","href":"https:\/\/api.w.org\/{rel}","templated":true}]}}