{"id":1264,"date":"2013-01-12T17:36:14","date_gmt":"2013-01-12T15:36:14","guid":{"rendered":"http:\/\/www.gedichtladen.de\/blog\/?p=1264"},"modified":"2023-12-08T23:00:25","modified_gmt":"2023-12-08T21:00:25","slug":"kolumne-kw02-2","status":"publish","type":"post","link":"https:\/\/www.gedichtladen.de\/blog\/archive\/1264","title":{"rendered":"Kolumne KW02 &#8222;Jene lebt sich&#8217;s bene&#8220;"},"content":{"rendered":"<p><strong>In Jene lebt sich&#8217;s bene<\/strong><\/p>\n<p>&nbsp;<\/p>\n<p>Gr\u00f6\u00dfenwahn geh\u00f6rt in die Hauptstadt, m\u00f6chte man meinen, aber die Provinz macht sich mausig und meint, die ehemalige Hauptstadt der DDR schon \u00fcbertroffen zu haben.<\/p>\n<p>\nAls wir ins Steigenberger Maxx Hotel einchecken, wissen wir noch nicht, dass dies nurmehr die zweite Adresse ist in Jena, die erste Adresse w\u00e4re das Scala Hotel im sog. Penis Jenensis gewesen, das nicht nur fast dreimal so teuer ist, sondern auch mit dem Slogan wirbt, das zweith\u00f6chste Hotel zu sein.<\/p>\n<p><!--more--><br \/>\nAls Hessen im Mittelter noch eine Provinz Th\u00fcringens war, h\u00e4tte man das Mariott Hotel in Frankfurt am Main gut und gern zur eigenen Provinz rechnen k\u00f6nnen. Das ist nun allerdings fast 160 m hoch und hat auch ca. 600 Zimmer, w\u00e4hrend man sich im Turm zu Jena mit 16 begn\u00fcgen muss. Das Mariott ist nicht nur das h\u00f6chste Hotel Deutschlands, sondern gleich des Kontinents.<\/p>\n<p>\nDass der jetzt als Jentower anglisierte Turm, der im Zuge der Stadtzentrenaufmotzung der sp\u00e4ten Ulbrichtzeiten von Hermann Henselmann entworfen wurde, nur das zweith\u00f6chste Geb\u00e4ude Ostdeutschlands bleiben sollte, lie\u00df die Jenenser nicht ruhen und sie verfielen auf den Antennentrick, obwohl der Westfernsehempfang nicht mehr das Problem war. So brachten sie es mit einer Turmantenne letztlich auf 159,6\u00a0m, obwohl der Bau selbst nur 144,5 m hat und \u00fcberragten endlich das jetzige Park Inn am Alexanderplatz (146 m, ohne eine Antenne), das etwa in der gleichen Zeit entstand.<\/p>\n<p>\nEigentlich waren wir nicht nach Jena gefahren, um im h\u00f6chsten oder zweith\u00f6chsten Hotel zu wohnen und dabei eine dreistellige Summe f\u00fcr eine Nacht zu lassen, sondern es war der halbrunde Geburtstag von Professor Wilhelmi und das ja auch immer fast die einzige Gelegenheit ihn mal wieder zu treffen nebst den Mitstreitern aus der Wissenschaft, die er zu solchen Gelegenheiten immer wieder um sich schart. Unsere Bekanntschaften r\u00fchren ja mehr von meiner letzten Zeit in Jena vor drei Jahren her, die ich bei Jenoptik zubrachte, als man dort noch Monochromatoren baute.<\/p>\n<p>\nAm Sonnabend haben wir zun\u00e4chst einen n\u00e4chtlichen Ausflug zu den Dornburger Schl\u00f6ssern unternommen, das unser Dichterf\u00fcrst zuletzt f\u00fcr drei Monate 1828 flugs aufsuchte, als man in Weimar den Leichnam des Landesvaters Carl August herankarrte und aufbahrte. Das war nichts f\u00fcr den zartbesaiteten Goethe, so dass er dorthin floh und vorzog ein paar Gedichte zu schreiben.<\/p>\n<p>\nWir trafen also zum Fr\u00fchst\u00fcck in unserem nur noch zweitklassigen F\u00fcnfsternehotel einen jungen Mechanikus und ich konnte das erste Mal an diesem Tage meine Girlandenmaschine vorf\u00fchren und ein bisschen angeben. Das zweite Mal auf dem Geburtstagsempfang ging auch noch an, doch als ich das dritte Mal bei einem Besuch des Monochromatorkonstrukteurs Bernd Seher dazu anhob, erging das Verbot meiner Frau, zum dritten Mal die gleiche Platte abzuspielen.<\/p>\n<p>\nEin Gedicht, uns fehlen ja hier nicht nur zweith\u00f6chste Hotels, sondern auch inspirierende Schl\u00f6sser, musste ich steckenlassen, weil der pers\u00f6nliche Bezug etwas schwach ausgefallen war und ich nicht mehr sicher war, ob man im Lande der zweith\u00f6chsten Hotels nicht auch meinen w\u00fcrde, selber besser dichten zu k\u00f6nnen.<\/p>\n<p>\nEs ger\u00e4t mir doch alles nurmehr ein bisschen allgemeiner und so ritt ich mal wieder auf dem Goldenen Zeitalter dichterisch herum. Sollte sich dieses hier in Berlin einstellen, so kann man sicher sein, dass es in Jena bald das Zweitgoldenste geben wird. Salut also nach Jene.<\/p>\n<p>\n<em>Christian Rempel,<br \/>\nIm Waltersdorfe 12.1.2013<\/em><\/p>\n","protected":false},"excerpt":{"rendered":"<p>In Jene lebt sich&#8217;s bene &nbsp; Gr\u00f6\u00dfenwahn geh\u00f6rt in die Hauptstadt, m\u00f6chte man meinen, aber die Provinz macht sich mausig und meint, die ehemalige Hauptstadt der DDR schon \u00fcbertroffen zu haben. Als wir ins Steigenberger Maxx Hotel einchecken, wissen wir&#8230;<br \/><a class=\"read-more-button\" href=\"https:\/\/www.gedichtladen.de\/blog\/archive\/1264\">Mehr Lesen<\/a><\/p>\n","protected":false},"author":1,"featured_media":0,"comment_status":"open","ping_status":"open","sticky":false,"template":"","format":"standard","meta":{"footnotes":""},"categories":[12],"tags":[],"class_list":["post-1264","post","type-post","status-publish","format-standard","hentry","category-kolumne"],"_links":{"self":[{"href":"https:\/\/www.gedichtladen.de\/blog\/wp-json\/wp\/v2\/posts\/1264","targetHints":{"allow":["GET"]}}],"collection":[{"href":"https:\/\/www.gedichtladen.de\/blog\/wp-json\/wp\/v2\/posts"}],"about":[{"href":"https:\/\/www.gedichtladen.de\/blog\/wp-json\/wp\/v2\/types\/post"}],"author":[{"embeddable":true,"href":"https:\/\/www.gedichtladen.de\/blog\/wp-json\/wp\/v2\/users\/1"}],"replies":[{"embeddable":true,"href":"https:\/\/www.gedichtladen.de\/blog\/wp-json\/wp\/v2\/comments?post=1264"}],"version-history":[{"count":4,"href":"https:\/\/www.gedichtladen.de\/blog\/wp-json\/wp\/v2\/posts\/1264\/revisions"}],"predecessor-version":[{"id":4397,"href":"https:\/\/www.gedichtladen.de\/blog\/wp-json\/wp\/v2\/posts\/1264\/revisions\/4397"}],"wp:attachment":[{"href":"https:\/\/www.gedichtladen.de\/blog\/wp-json\/wp\/v2\/media?parent=1264"}],"wp:term":[{"taxonomy":"category","embeddable":true,"href":"https:\/\/www.gedichtladen.de\/blog\/wp-json\/wp\/v2\/categories?post=1264"},{"taxonomy":"post_tag","embeddable":true,"href":"https:\/\/www.gedichtladen.de\/blog\/wp-json\/wp\/v2\/tags?post=1264"}],"curies":[{"name":"wp","href":"https:\/\/api.w.org\/{rel}","templated":true}]}}