{"id":1252,"date":"2012-12-29T12:47:30","date_gmt":"2012-12-29T10:47:30","guid":{"rendered":"http:\/\/www.gedichtladen.de\/blog\/?p=1252"},"modified":"2023-12-08T23:00:25","modified_gmt":"2023-12-08T21:00:25","slug":"kolumne-kw52-2","status":"publish","type":"post","link":"https:\/\/www.gedichtladen.de\/blog\/archive\/1252","title":{"rendered":"Kolumne KW52 &#8222;Jahresr\u00fcckblick&#8220;"},"content":{"rendered":"<p><strong>Jahresr\u00fcckblick<\/strong><\/p>\n<p>&nbsp;<\/p>\n<p>Dass nun die Welt doch nicht untergegangen ist, scheint das Wichtigste diesjahr zu sein. Der Weltuntergang wurde auch nicht um eine Woche verschoben, wie der Mann im Lottoladen meinte, der ungeachtet seiner Auffassung noch Lose verkaufte, die demnach eigentlich gar nicht mehr gezogen werden d\u00fcrften.<\/p>\n<p><!--more--><br \/>\nDie Spiritualisten und Heiler hatten eine bessere Idee und besannen sich darauf, dass wir ins Zeitalter des Wassermanns, dessen ich ja auch einer bin, eintreten. Nach den Astrologen k\u00f6nnten jetzt 2150 Jahre schneller und tiefgreifender Ver\u00e4nderungen folgen. Astronomisch ist es wohl wirklich so, dass sich der Fr\u00fchlingspunkt in das Sternbild des Wassermanns bewegt.<\/p>\n<p>\nWenn man von diesen epochalen Dingen absieht, war das Jahr f\u00fcr mich pers\u00f6nlich sehr interessant. Kurz vor dem Alter stehend, hielt ich noch Vorlesungen an der Hochschule im Fach Physik. Dann nahm ich eine kleine Auszeit f\u00fcr eine Wanderung durch die m\u00e4rkischen Lande, die mich bis in die Poeten- und R\u00e4tselstadt Guben f\u00fchrte.<\/p>\n<p>\nAus den so gesammelten Eindr\u00fccken ent\u00adstand mein drittes Buch (Klarheit und Wahn), denn die Odyssee hatte ihren Abschluss in der Klinik gefunden. Noch heute ist nicht gewiss, ob mich der Wahnsinn \u00fcberhaupt ereilt hatte oder ob mich ein durchaus krankes System nur dahin brachte, wo ich nie hin wollte.<\/p>\n<p>\nDie dann folgende Semesterpause lie\u00df sich ganz gut verbringen, indem ich mit den UnDichtern einen kleinen Strau\u00df ausfocht, der wohl immer noch nicht ganz ausge\u00adstanden ist. Einige meinten doch nicht an\u00adders, als dass ich selige Dichter vor Langer\u00adweile im Grabe rotieren lie\u00dfe. Ich hingegen bin der Meinung, dass sie mir eher dankbar entgegen k\u00e4men daf\u00fcr, dass ich die Erin\u00adnerung an ihre Werke wach halte und das eine oder andere daran verbessere. Da keiner gern in meine Fu\u00dfstapfen tritt, haben sie lange \u00fcberlegt, wie man diese Passion wohl umdefinieren k\u00f6nne und die tapfersten versuchen sich jetzt in Collagen, bei denen nun gleich ein ganzes Menue aus Versatzst\u00fccken von mehreren Altvorderen zusammengemixen.<\/p>\n<p>\nNahtlos ging diese Phase in die Organisation des Festes der Stille \u00fcber, das unter dem Strich ein Vierteljahr Arbeit bedeutete und tats\u00e4chlich ein sch\u00f6ner Erfolg wurde, bei dem wir heuer finanziell weniger Federn gelassen haben als im Vorjahr.<\/p>\n<p>\nUnd was, werden Sie fragen, steht auf der dichterischen Habenseite? Das sind vor allem die w\u00f6chentlichen Columnen, von denen diese die letzte f\u00fcr das aktuelle Jahr ist. &#8222;Klarheit und Wahn&#8220; lebt eher von den wundersch\u00f6nen Gedichten meiner Frau als von meinen eigenen. Mit Corinna haben wir uns einige Zeit mit Kettengedichten versucht. F\u00fcr die Kita Jonas&#8216; Wal entstand eine Kurzfassung vom &#8222;Nussknacker und Mause\u00adk\u00f6nig&#8220;. Ein bisschen Vorlauf f\u00fcr das n\u00e4chste Jahr wurde auch geschaffen, indem ich eine Adaption auf den heiligen Sankt Florian verfasste, die aber noch in der Schublade der Entdeckung durch die Feuerwehr harrt. Auch f\u00fcr Jenny habe ich eine kleine Adaptions-Verbesserung zum Gebrauch f\u00fcr ein Projekt zum Jahresbeginn auf Halde gelegt.<\/p>\n<p>\nNach einer kurzen Neujahraufatempause hei\u00dft es f\u00fcr Wasserm\u00e4nner ja dann gleich Geburtstag feiern und meiner ist ja nun schon wieder einmal ein runder. Vielleicht tritt man mit sechzig ja auch in ein neues pers\u00f6nliches Zeitalter, das w\u00fcnschenswerter Weise das der Weisheit sein sollte. Aber auch das wird bestenfalls graduell und nach und nach der Fall sein. Bleiben Sie bitte aufmerksamer Leser meiner Internetseite, dann k\u00f6nnen Sie selbst sehen, wie viel Wahrheit daran ist.    Christian Rempel<br \/>\n<em>Im Waltersdorfe 30.12.2012<\/em><\/p>\n","protected":false},"excerpt":{"rendered":"<p>Jahresr\u00fcckblick &nbsp; Dass nun die Welt doch nicht untergegangen ist, scheint das Wichtigste diesjahr zu sein. Der Weltuntergang wurde auch nicht um eine Woche verschoben, wie der Mann im Lottoladen meinte, der ungeachtet seiner Auffassung noch Lose verkaufte, die demnach&#8230;<br \/><a class=\"read-more-button\" href=\"https:\/\/www.gedichtladen.de\/blog\/archive\/1252\">Mehr Lesen<\/a><\/p>\n","protected":false},"author":1,"featured_media":0,"comment_status":"open","ping_status":"open","sticky":false,"template":"","format":"standard","meta":{"footnotes":""},"categories":[12],"tags":[],"class_list":["post-1252","post","type-post","status-publish","format-standard","hentry","category-kolumne"],"_links":{"self":[{"href":"https:\/\/www.gedichtladen.de\/blog\/wp-json\/wp\/v2\/posts\/1252","targetHints":{"allow":["GET"]}}],"collection":[{"href":"https:\/\/www.gedichtladen.de\/blog\/wp-json\/wp\/v2\/posts"}],"about":[{"href":"https:\/\/www.gedichtladen.de\/blog\/wp-json\/wp\/v2\/types\/post"}],"author":[{"embeddable":true,"href":"https:\/\/www.gedichtladen.de\/blog\/wp-json\/wp\/v2\/users\/1"}],"replies":[{"embeddable":true,"href":"https:\/\/www.gedichtladen.de\/blog\/wp-json\/wp\/v2\/comments?post=1252"}],"version-history":[{"count":4,"href":"https:\/\/www.gedichtladen.de\/blog\/wp-json\/wp\/v2\/posts\/1252\/revisions"}],"predecessor-version":[{"id":1270,"href":"https:\/\/www.gedichtladen.de\/blog\/wp-json\/wp\/v2\/posts\/1252\/revisions\/1270"}],"wp:attachment":[{"href":"https:\/\/www.gedichtladen.de\/blog\/wp-json\/wp\/v2\/media?parent=1252"}],"wp:term":[{"taxonomy":"category","embeddable":true,"href":"https:\/\/www.gedichtladen.de\/blog\/wp-json\/wp\/v2\/categories?post=1252"},{"taxonomy":"post_tag","embeddable":true,"href":"https:\/\/www.gedichtladen.de\/blog\/wp-json\/wp\/v2\/tags?post=1252"}],"curies":[{"name":"wp","href":"https:\/\/api.w.org\/{rel}","templated":true}]}}