{"id":1096,"date":"2012-10-14T17:08:12","date_gmt":"2012-10-14T15:08:12","guid":{"rendered":"http:\/\/www.gedichtladen.de\/blog\/?p=1096"},"modified":"2024-09-29T15:26:03","modified_gmt":"2024-09-29T13:26:03","slug":"kolumne-kw42-2","status":"publish","type":"post","link":"https:\/\/www.gedichtladen.de\/blog\/archive\/1096","title":{"rendered":"Kolumne KW42 \/ KW43"},"content":{"rendered":"<p><strong>Festkomitee<\/strong><\/p>\n<p>&nbsp;<\/p>\n<p>Am Donnerstag, den 11.10. traf sich im Jusec das Festkomitee f\u00fcr das Fest der Stille, das ja in Waltersdorf zu einer Tradition werden soll. Im Vordergrund steht erst einmal die Sponsorensuche, denn das Fest wird etwa wieder 3000 Euro kosten und wir haben bisher gerade mal Zusagen f\u00fcr die H\u00e4lfte des Betrages, insbesondere durch den Ortsbeirat und den Flughafen.<\/p>\n<p><!--more--><br \/>\nDas Festkomitee bestehend aus:<br \/>\nChristian Rempel (Gedichtladen)<br \/>\nAndrea Rempel<br \/>\nFrau Sauerwald<br \/>\nFriederike Damm<br \/>\nBasti Wurbs<br \/>\nKaren Schilling<br \/>\nHerrn Damm<br \/>\nFrau Protz<br \/>\nHerrn Langhammer<br \/>\nHerrn G\u00fcttler<br \/>\nEgon Siegler<br \/>\nConny Pasbrig<br \/>\nwird noch erg\u00e4nzt um diejenigen, die an diesem Tage nicht konnten:<br \/>\nSina R\u00f6der<br \/>\nBettina Brummer<br \/>\nSascha William<br \/>\nund Ariane Warnecke<\/p>\n<p>\nAber das sind bei weitem noch nicht alle, auf deren Hilfe wir angewiesen sein werden, denn es sind ja viele St\u00e4nde zu besetzen und der Aufbau und vor allem das Wieder\u00adaufr\u00e4umen muss immer auf breiten Schultern ruhen.<\/p>\n<p>\nEs ist immer schnell herausgefunden, was im vorigen Jahr nicht so lief, aber wenn auch nicht alles ideal war, sollte man die im Ansatz guten Ideen vielleicht trotzdem nicht alle gleich verwerfen.<\/p>\n<p\nDer erste R\u00fcckschlag war allerdings, dass unser ehemaliges Rathaus am zweiten Advent, auf den diese Tradition terminiert werden soll, vergeben sein soll. Das Ausweichen auf den dritten Advent, worin die einzige M\u00f6glichkeit bestand, ist der evangelischen Kirchgemeinde nicht so angenehm, weil sie eigene Veranstaltungen planen.\n\n<p>\nDie ersten Bettelmails sind auch schon herausgegangen, aber au\u00dfer von der Firma Mama in der ehemaligen Feuerwache, die uns im letzten Jahr mit der gesamten Strominstallation geholfen hatten, haben wi erst mal nur von Ipoint eine Zusage, was uns sehr freut. Diese Betteltour ist nat\u00fcrlich auch nicht nur per Mail abzuwickeln, es werden wieder Besuche notwendig sein, und das macht nicht so viel Spa\u00df, wenn man meistenteils abschl\u00e4gig beschieden wird.<\/p>\n<p>\nF\u00fcr das Programm stehen schon einige Punkte fest, es gibt viele Ideen f\u00fcr Bastelst\u00e4nde f\u00fcr die Kinder und Andrea Rempel hat es auch \u00fcbernommen, mit Waltersdorfer Kindern ein kleines St\u00fcck einzustudieren.<\/p>\n<p>\nEgon m\u00f6chte den Puppenspieler in Rotberg ansprechen und auch bei unserem Dorfarzt um eine finanzielle Gabe bitten. Herr Damm will die Firma Kamel und Schmorl ansprechen, Friederike den Autoteilehandel im ehemaligen Plus. Herr B\u00fcttner von der Araltankstelle wird seinen Pachtvertrag aus gesundheitlichen Gr\u00fcnden zum Jahresende aufgeben m\u00fcssen. Er war ja einer der Sponsoren des vorigen Jahres, wie auch das Autohaus Kossert, die Gothaer Versicherun\u00adgen, Ipoint, Punkt 1, der Reifendienst Nieslony, die Firma \u00c4pfler, H\u00f6ffner (die uns leider bisher nicht mehr unterst\u00fctzen wollen), die Werbeagentur Lilienthal, GST, Wasserbetten und viele andere.<\/p>\n<p>\nVielleicht liest der eine oder andere potenzielle Sponsor diese Columne und macht sich noch Gedanken, was man beitragen k\u00f6nnte.<\/p>\n<p>\nGenauso sind noch Ideen gefragt, was wir gern an St\u00e4nden zu diesem wundervollen Fest h\u00e4tten, das noch viele Wochen in aller Munde war. Auch steht wieder zu hoffen, dass uns auch der B\u00fcrgermeister wieder insofern unterst\u00fctzt, dass uns nicht noch zus\u00e4tzliche Geb\u00fchren ins Haus stehen.<\/p>\n<p>\nJede Hand und jeder Kopf werden also gebraucht und alle Anregungen sind im Gedichtladen, der die finanzielle Abwicklung \u00fcbernimmt und der fast immer unter der Nummer 030 68000597 zu erreichen ist, immer willkommen.<\/p>\n<p>\n<em>Im Waltersdorfe 14.10.2012<\/em><\/p>\n","protected":false},"excerpt":{"rendered":"<p>Festkomitee &nbsp; Am Donnerstag, den 11.10. traf sich im Jusec das Festkomitee f\u00fcr das Fest der Stille, das ja in Waltersdorf zu einer Tradition werden soll. Im Vordergrund steht erst einmal die Sponsorensuche, denn das Fest wird etwa wieder 3000&#8230;<br \/><a class=\"read-more-button\" href=\"https:\/\/www.gedichtladen.de\/blog\/archive\/1096\">Mehr Lesen<\/a><\/p>\n","protected":false},"author":1,"featured_media":0,"comment_status":"closed","ping_status":"closed","sticky":false,"template":"","format":"standard","meta":{"footnotes":""},"categories":[12],"tags":[],"class_list":["post-1096","post","type-post","status-publish","format-standard","hentry","category-kolumne"],"_links":{"self":[{"href":"https:\/\/www.gedichtladen.de\/blog\/wp-json\/wp\/v2\/posts\/1096","targetHints":{"allow":["GET"]}}],"collection":[{"href":"https:\/\/www.gedichtladen.de\/blog\/wp-json\/wp\/v2\/posts"}],"about":[{"href":"https:\/\/www.gedichtladen.de\/blog\/wp-json\/wp\/v2\/types\/post"}],"author":[{"embeddable":true,"href":"https:\/\/www.gedichtladen.de\/blog\/wp-json\/wp\/v2\/users\/1"}],"replies":[{"embeddable":true,"href":"https:\/\/www.gedichtladen.de\/blog\/wp-json\/wp\/v2\/comments?post=1096"}],"version-history":[{"count":6,"href":"https:\/\/www.gedichtladen.de\/blog\/wp-json\/wp\/v2\/posts\/1096\/revisions"}],"predecessor-version":[{"id":4405,"href":"https:\/\/www.gedichtladen.de\/blog\/wp-json\/wp\/v2\/posts\/1096\/revisions\/4405"}],"wp:attachment":[{"href":"https:\/\/www.gedichtladen.de\/blog\/wp-json\/wp\/v2\/media?parent=1096"}],"wp:term":[{"taxonomy":"category","embeddable":true,"href":"https:\/\/www.gedichtladen.de\/blog\/wp-json\/wp\/v2\/categories?post=1096"},{"taxonomy":"post_tag","embeddable":true,"href":"https:\/\/www.gedichtladen.de\/blog\/wp-json\/wp\/v2\/tags?post=1096"}],"curies":[{"name":"wp","href":"https:\/\/api.w.org\/{rel}","templated":true}]}}