{"id":1010,"date":"2012-08-05T20:47:31","date_gmt":"2012-08-05T18:47:31","guid":{"rendered":"http:\/\/www.gedichtladen.de\/blog\/?p=1010"},"modified":"2024-09-29T21:22:54","modified_gmt":"2024-09-29T19:22:54","slug":"kolumne-kw32","status":"publish","type":"post","link":"https:\/\/www.gedichtladen.de\/blog\/archive\/1010","title":{"rendered":"Kolumne KW32"},"content":{"rendered":"<p><strong>Hey Antlantis!<\/strong><\/p>\n<p>&nbsp;<\/p>\n<p>Platon wollte seine Geschichte von Antlantis, die er seinem Lehrer Sokrates folgend in Dialoge fasste, nicht als Dichtung, sondern als \u00dcberlieferung gelten lassen. Man war auch damals schon ein bisschen nostalgisch und erinnerte sich anhand der Atlantisge\u00adschichte eines Urathens, das eine reine Landmacht war und sich der Seefahrt v\u00f6llig entschlug.<\/p>\n<p><!--more--><br \/>\nVielleicht h\u00e4tte er mit einer Dichtung sogar mehr Erfolg gehabt, denn Homer, der Sagendichter, \u00fcbertraf den Philosophen Platon noch um einiges, wenn man zum Beispiel an die Popularit\u00e4t der Odysseus-Sage denkt. Homer beschreibt darin auch einen solchen Synthesestaat, das Ph\u00e4akenland, von dem Historiker herausfanden, dass er gro\u00dfe \u00c4hnlichkeit mit Atlantis hatte.<\/p>\n<p>\nIn Atlantis soll der Meeresgott Poseidon verehrt worden sein, von dem wiederum die Sage berichtet, dass er Sohn des Atlas war, der bekanntlich das Himmelsgew\u00f6lbe zu tragen hat und so leitet sich der Begriff Atlantis vom Gott Atlas her. Das Land soll jenseits der S\u00e4ulen des Herakles gelegen haben, die man bei Gibraltar auf der spani\u00adschen Seite ansiedelt und die eben eine Sym\u00adbolisierung von Atlas gewesen sein sollen, dem Namenspatron von Atlantis, und mithin lag Atlantis jenseits des &#8222;Endes der Welt&#8220;.<\/p>\n<p>\nDie Atlanter sollen in einer ungewissen Zeit, die 9000 oder auch nur 1500 vor der Zeit\u00adrech\u00adnung gelebt haben, fast den gesamten Mittelmeerraum erobert haben und nur letztlich von den \u00c4gyptern geschla\u00adgen worden sein. Mitten auf dieser gro\u00dfen Seefahrt, denen die Griechen nostalgische Bedenken entgegensetzten, soll dann das Heimatland Atlantis in einer Nacht vernichtet worden sein und damit die Atlanter v\u00f6llig aufgerieben.<\/p>\n<p>\nDen schicksalsgl\u00e4ubigen Griechen galt das als verdiente Strafe f\u00fcr die Selbst\u00fcberhebung durch die Welteroberungspl\u00e4ne. Gleichzeitig fragte man sich aber nach den Urspr\u00fcngen der Macht von Atlantis und gab damit einem weiteren Impuls nach, n\u00e4mlich einen gut\u00adfunk\u00adtio\u00adnierenden Staat und insbesondere die K\u00f6nigsstadt (Basileia) aus der Imagination heraus zu konstruieren, wobei man vorgeben konnte, dass es sich dabei sogar um eine Rekonstruktion handelte.<\/p>\n<p>\nDamit waren Schleusen ge\u00f6ffnet, die \u00fcber das europ\u00e4ische Mittelalter bis hin in die heutige Unterhaltungsindustrie Spekula\u00adtionen in ein historisches Gewand kleideten, wie eine relativ fortgeschrittene Zivilisation ausgesehen haben m\u00f6ge, wie eine Idee besser funktionieren k\u00f6nnte, als die wirkliche Geschichte, wobei man den Reiz benutzte, dass es sich bei der Idee m\u00f6glicherweise um eine wirkliche Geschichte h\u00e4tte handeln k\u00f6nnen.<\/p>\n<p>\nDie Jacke kann sich nun anziehen, wer will. Selbst wir k\u00f6nnen die Atlanter und zum Bei\u00adspiel Helgoland die Basileia gewesen sein, denn tats\u00e4chlich waren weite Wattengebiete um das Felsenriff fr\u00fcher Land, und als sie \u00fcberschwemmt wurden, dr\u00e4ngten die Nordv\u00f6lker schon ca. 1500 vor der Zeit nach S\u00fcden bis \u00c4gypten vor.<\/p>\n<p>\nAngefangen von der Kontinentaldrift, Eis\u00adzeiten, dem Volllaufen des Schwarzen Mee\u00adres etwa 5000 vor der Zeit, gele\u00adgentlichen Vulkanausbr\u00fcchen und Flut\u00adwellen, gab es genug Ereignisse, die einem in unbestimm\u00adbarer Zeit und unbekanntem Ort angesiedel\u00adten Inselreich den Garaus hatten machen k\u00f6nnen. So liest sich die ganze Atlantisstory heute auch als \u00d6kom\u00e4rchen, dessen man sich heute gut bedienen kann, um unsere Selbst\u00fcberhebung \u2013 zwar nicht mehr in krie\u00adgerischen Eroberungen, aber dem \u00dcberzie\u00adhen des ganzen Globus mit einer Wirt-schaftshybris \u2013 vielleicht doch noch bestraft zu sehen, wof\u00fcr dann vielleicht eine einzige Nacht gen\u00fcgen sollte.<\/p>\n<p>\n<em>Im Waltersdorfe 5.8.2012<\/em><\/p>\n","protected":false},"excerpt":{"rendered":"<p>Hey Antlantis! &nbsp; Platon wollte seine Geschichte von Antlantis, die er seinem Lehrer Sokrates folgend in Dialoge fasste, nicht als Dichtung, sondern als \u00dcberlieferung gelten lassen. Man war auch damals schon ein bisschen nostalgisch und erinnerte sich anhand der Atlantisge\u00adschichte&#8230;<br \/><a class=\"read-more-button\" href=\"https:\/\/www.gedichtladen.de\/blog\/archive\/1010\">Mehr Lesen<\/a><\/p>\n","protected":false},"author":1,"featured_media":0,"comment_status":"closed","ping_status":"closed","sticky":false,"template":"","format":"standard","meta":{"footnotes":""},"categories":[12],"tags":[],"class_list":["post-1010","post","type-post","status-publish","format-standard","hentry","category-kolumne"],"_links":{"self":[{"href":"https:\/\/www.gedichtladen.de\/blog\/wp-json\/wp\/v2\/posts\/1010","targetHints":{"allow":["GET"]}}],"collection":[{"href":"https:\/\/www.gedichtladen.de\/blog\/wp-json\/wp\/v2\/posts"}],"about":[{"href":"https:\/\/www.gedichtladen.de\/blog\/wp-json\/wp\/v2\/types\/post"}],"author":[{"embeddable":true,"href":"https:\/\/www.gedichtladen.de\/blog\/wp-json\/wp\/v2\/users\/1"}],"replies":[{"embeddable":true,"href":"https:\/\/www.gedichtladen.de\/blog\/wp-json\/wp\/v2\/comments?post=1010"}],"version-history":[{"count":4,"href":"https:\/\/www.gedichtladen.de\/blog\/wp-json\/wp\/v2\/posts\/1010\/revisions"}],"predecessor-version":[{"id":4423,"href":"https:\/\/www.gedichtladen.de\/blog\/wp-json\/wp\/v2\/posts\/1010\/revisions\/4423"}],"wp:attachment":[{"href":"https:\/\/www.gedichtladen.de\/blog\/wp-json\/wp\/v2\/media?parent=1010"}],"wp:term":[{"taxonomy":"category","embeddable":true,"href":"https:\/\/www.gedichtladen.de\/blog\/wp-json\/wp\/v2\/categories?post=1010"},{"taxonomy":"post_tag","embeddable":true,"href":"https:\/\/www.gedichtladen.de\/blog\/wp-json\/wp\/v2\/tags?post=1010"}],"curies":[{"name":"wp","href":"https:\/\/api.w.org\/{rel}","templated":true}]}}